{"id":4906,"date":"2022-07-05T09:03:46","date_gmt":"2022-07-05T09:03:46","guid":{"rendered":"https:\/\/rechargeinfra.com\/sv\/?p=4906"},"modified":"2022-07-05T09:03:46","modified_gmt":"2022-07-05T09:03:46","slug":"sa-har-packar-du-elbilen-smart-och-sakert-i-sommar","status":"publish","type":"post","link":"https:\/\/rechargeinfra.com\/se\/2022\/07\/05\/sa-har-packar-du-elbilen-smart-och-sakert-i-sommar\/","title":{"rendered":"S\u00e5 h\u00e4r packar du elbilen smart och s\u00e4kert i sommar"},"content":{"rendered":"\n\n\n<figure class=\"wp-block-image size-large\"><img decoding=\"async\" src=\"https:\/\/rechargeinfra.com\/se\/sv\/wp-content\/uploads\/sites\/5\/2022\/05\/GettyImages-713778227-1024x683.jpg\" alt=\"\" class=\"wp-image-48\" \/><\/figure>\n\n\n\n<p class=\"wp-block-paragraph\">Att skriva en packningslista kan visserligen vara lite tr\u00e5kigt, men det \u00e4r ett bra s\u00e4tt att se till att du f\u00e5r med dig allt du beh\u00f6ver p\u00e5 resan.<\/p>\n\n\n\n<h3 class=\"wp-block-heading\">Packa f\u00f6r alla v\u00e4der<\/h3>\n\n\n\n<ul class=\"wp-block-list\"><li>Den svenska sommaren bjuder tyv\u00e4rr inte alltid p\u00e5 vackert v\u00e4der. Ta med en regnponcho s\u00e5 slipper du bli bl\u00f6t om det regnar n\u00e4r du ska ladda bilen!<\/li><li>Ha alltid ett extra par solglas\u00f6gon i bilen, f\u00f6rslagsvis i handskfacket.<\/li><li>Solkr\u00e4m \u00e4r viktigt! Ta g\u00e4rna med solkr\u00e4m med olika solskyddsfaktor f\u00f6r olika typer av v\u00e4der. Reser du med barn b\u00f6r du ta med en vattenfast solkr\u00e4m med h\u00f6g solskyddsfaktor. F\u00f6r l\u00e5nga dagar p\u00e5 stranden kan det vara bra att ha med ett UV-t\u00e4lt d\u00e4r de minsta kan f\u00e5 lite skugga n\u00e4r solen gassar som mest.<\/li><li>Packa badkl\u00e4der och handdukar l\u00e4tt \u00e5tkomliga f\u00f6r ett dopp p\u00e5 badplatser l\u00e4ngs v\u00e4gen!<\/li><li>Ta med dig en axelv\u00e4ska f\u00f6r mobil, pl\u00e5nbok och eventuellt pass om du ska korsa landsgr\u00e4nserna.<\/li><\/ul>\n\n\n\n<h3 class=\"wp-block-heading\">S\u00e4kerhet p\u00e5 v\u00e4gen<\/h3>\n\n\n\n<ul class=\"wp-block-list\"><li>Reflexv\u00e4st \u00e4r obligatoriskt i m\u00e5nga EU-l\u00e4nder, men kontrollera att den \u00e4r CE-godk\u00e4nd. Kontrollera \u00e4ven att du har en varningstriangel i bilen och gl\u00f6m inte k\u00f6rkortet och blanketten \u201dSkadeanm\u00e4lan \u2013 motorfordon\u201d f\u00f6r trafikolyckor. H\u00e4mta den hos ditt f\u00f6rs\u00e4kringsbolag och f\u00f6rvara den i handskfacket.<\/li><li>Laddsladd till mobilen \u00e4r f\u00f6rst\u00e5s ett m\u00e5ste! Och varf\u00f6r inte \u00e4ven en powerbank s\u00e5 du \u00e4r helgarderad.<\/li><li>En f\u00f6rstahj\u00e4lpenl\u00e5da \u00e4r bra att ha och tar inte mycket plats. Den kan du f\u00f6rslagsvis placera under s\u00e4tet.<\/li><li>Att k\u00f6ra l\u00e5ngt \u00e4r tr\u00f6ttsamt f\u00f6r \u00f6gonen, s\u00e4rskilt om det \u00e4r m\u00f6rkt ute. Med ett par nattglas\u00f6gon f\u00f6r bil slipper du bli bl\u00e4ndad av m\u00f6tande bilar. F\u00f6rutom att minska ljusreflexer hj\u00e4lper de dig att se b\u00e4ttre i m\u00f6rker.<\/li><\/ul>\n\n\n\n<h3 class=\"wp-block-heading\">Praktiskt att ha med sig i bilen<\/h3>\n\n\n\n<ul class=\"wp-block-list\"><li>M\u00e5nga barn blir l\u00e4tt bilsjuka. P\u00e5 de flesta apotek finns t\u00e5liga kr\u00e4kp\u00e5sar som l\u00e4tt kan f\u00f6rslutas.<\/li><li>Resetoalettsaker \u00e4r superpraktiska och tar lite plats.<\/li><li>Tr\u00f6tt p\u00e5 smutsiga h\u00e4nder efter att ha laddat bilen, eller efter att ha tagit dig en matbit l\u00e4ngs v\u00e4gen? V\u00e5tservetter i handskfacket \u00e4r r\u00e4ddningen!<\/li><li>Ska du k\u00f6ra l\u00e5ngt i sommarv\u00e4rmen \u00e4r det viktigt att h\u00e5lla mat och dryck kallt. Skaffa en kylv\u00e4ska som kan sp\u00e4nnas fast bakom s\u00e4tet i bilen s\u00e5 sparar du plats i bagageutrymmet.<\/li><li>Ta med dig en termosflaska och fyll p\u00e5 med kallt vatten efter behov s\u00e5 slipper du k\u00f6pa vatten p\u00e5 flaska. Bra b\u00e5de f\u00f6r pl\u00e5nboken och milj\u00f6n!<\/li><\/ul>\n\n\n\n<h3 class=\"wp-block-heading\">Till elbilen<\/h3>\n\n\n\n<ul class=\"wp-block-list\"><li>De flesta&nbsp;<a href=\"https:\/\/rechargeinfra.com\/se\/sv\/laddkarta\/\"><strong>laddstationer<\/strong><\/a> \u00e4r utrustade med laddkabel, men det kan \u00e4nd\u00e5 vara bra att ha med sig en egen kabel.<\/li><li>En n\u00f6dhammare med f\u00f6nsterkrossare, LED-ficklampa, n\u00f6dljus och b\u00e4lteskniv \u00e4r bra att ha liggande i bilen. Praktiskt, tar inte mycket plats och kan r\u00e4dda liv om olyckan skulle vara framme.<\/li><\/ul>\n\n\n\n<h3 class=\"wp-block-heading\">Packa s\u00e4kert<\/h3>\n\n\n\n<p class=\"wp-block-paragraph\">Till sist, t\u00e4nk p\u00e5 s\u00e4kerheten n\u00e4r du packa elbilen. L\u00e5t inte saker och ting ligga l\u00f6st i bilen. S\u00e4kra g\u00e4rna bagaget med stroppar och packa de st\u00f6rsta och tyngsta prylarna l\u00e4ngst ner i bagageutrymmet, s\u00e5 kan du koppla av bakom ratten.<\/p>\n\n\n\n<p class=\"wp-block-paragraph\">Ha en s\u00e4ker och trevlig resa!<\/p>\n\n\n\n<hr class=\"wp-block-separator has-alpha-channel-opacity\" \/>\n\n\n\n<div class=\"wp-block-group has-whiteblue-background-color has-background is-layout-flow wp-block-group-is-layout-flow\">\n<h3 class=\"has-text-align-center wp-block-heading\">Recharge har  2 600 laddstationer i Norden<\/h3>\n\n\n\n<p class=\"has-text-align-center wp-block-paragraph\"><a href=\"https:\/\/rechargeinfra.com\/se\/sv\/laddkarta\/\">Hitta din n\u00e4rmaste laddare h\u00e4r<\/a><\/p>\n<\/div>\n","protected":false},"excerpt":{"rendered":"<p>Att skriva en packningslista kan visserligen vara lite tr\u00e5kigt, men det \u00e4r ett bra s\u00e4tt att se till att du f\u00e5r med dig allt du beh\u00f6ver p\u00e5 resan. Packa f\u00f6r alla v\u00e4der Den svenska sommaren bjuder tyv\u00e4rr inte alltid p\u00e5 vackert v\u00e4der. Ta med en regnponcho s\u00e5 slipper du bli bl\u00f6t om det regnar n\u00e4r [&hellip;]<\/p>\n","protected":false},"author":1,"featured_media":451,"comment_status":"open","ping_status":"open","sticky":false,"template":"","format":"standard","meta":{"_acf_changed":false,"inline_featured_image":false,"footnotes":""},"categories":[12],"tags":[17,10],"class_list":["post-4906","post","type-post","status-publish","format-standard","has-post-thumbnail","hentry","category-resetips","tag-resetips","tag-tips"],"acf":[],"yoast_head":"<!-- This site is optimized with the Yoast SEO plugin v28.2 - https:\/\/yoast.com\/product\/yoast-seo-wordpress\/ -->\n<title>S\u00e5 h\u00e4r packar du elbilen smart och s\u00e4kert i sommar - Recharge Sweden<\/title>\n<meta name=\"robots\" content=\"index, follow, max-snippet:-1, max-image-preview:large, max-video-preview:-1\" \/>\n<link rel=\"canonical\" href=\"https:\/\/rechargeinfra.com\/se\/2022\/07\/05\/sa-har-packar-du-elbilen-smart-och-sakert-i-sommar\/\" \/>\n<meta property=\"og:locale\" content=\"sv_SE\" \/>\n<meta property=\"og:type\" content=\"article\" \/>\n<meta property=\"og:title\" content=\"S\u00e5 h\u00e4r packar du elbilen smart och s\u00e4kert i sommar - Recharge Sweden\" \/>\n<meta property=\"og:description\" content=\"Att skriva en packningslista kan visserligen vara lite tr\u00e5kigt, men det \u00e4r ett bra s\u00e4tt att se till att du f\u00e5r med dig allt du beh\u00f6ver p\u00e5 resan. Packa f\u00f6r alla v\u00e4der Den svenska sommaren bjuder tyv\u00e4rr inte alltid p\u00e5 vackert v\u00e4der. Ta med en regnponcho s\u00e5 slipper du bli bl\u00f6t om det regnar n\u00e4r [&hellip;]\" \/>\n<meta property=\"og:url\" content=\"https:\/\/rechargeinfra.com\/se\/2022\/07\/05\/sa-har-packar-du-elbilen-smart-och-sakert-i-sommar\/\" \/>\n<meta property=\"og:site_name\" content=\"Recharge Sweden\" \/>\n<meta property=\"article:published_time\" content=\"2022-07-05T09:03:46+00:00\" \/>\n<meta property=\"og:image\" content=\"https:\/\/rechargeinfra.com\/se\/wp-content\/uploads\/sites\/5\/2022\/05\/GettyImages-713778227_150KB.jpg\" \/>\n\t<meta property=\"og:image:width\" content=\"2121\" \/>\n\t<meta property=\"og:image:height\" content=\"1414\" \/>\n\t<meta property=\"og:image:type\" content=\"image\/jpeg\" \/>\n<meta name=\"author\" content=\"digital@thepitch.no\" \/>\n<meta name=\"twitter:card\" content=\"summary_large_image\" \/>\n<meta name=\"twitter:label1\" content=\"Skriven av\" \/>\n\t<meta name=\"twitter:data1\" content=\"digital@thepitch.no\" \/>\n\t<meta name=\"twitter:label2\" content=\"Ber\u00e4knad l\u00e4stid\" \/>\n\t<meta name=\"twitter:data2\" content=\"3 minuter\" \/>\n<script type=\"application\/ld+json\" class=\"yoast-schema-graph\">{\"@context\":\"https:\\\/\\\/schema.org\",\"@graph\":[{\"@type\":\"Article\",\"@id\":\"https:\\\/\\\/rechargeinfra.com\\\/se\\\/2022\\\/07\\\/05\\\/sa-har-packar-du-elbilen-smart-och-sakert-i-sommar\\\/#article\",\"isPartOf\":{\"@id\":\"https:\\\/\\\/rechargeinfra.com\\\/se\\\/2022\\\/07\\\/05\\\/sa-har-packar-du-elbilen-smart-och-sakert-i-sommar\\\/\"},\"author\":{\"name\":\"digital@thepitch.no\",\"@id\":\"https:\\\/\\\/rechargeinfra.com\\\/se\\\/#\\\/schema\\\/person\\\/77d4505348732c51491c4f886a922d0b\"},\"headline\":\"S\u00e5 h\u00e4r packar du elbilen smart och s\u00e4kert i sommar\",\"datePublished\":\"2022-07-05T09:03:46+00:00\",\"mainEntityOfPage\":{\"@id\":\"https:\\\/\\\/rechargeinfra.com\\\/se\\\/2022\\\/07\\\/05\\\/sa-har-packar-du-elbilen-smart-och-sakert-i-sommar\\\/\"},\"wordCount\":620,\"commentCount\":0,\"publisher\":{\"@id\":\"https:\\\/\\\/rechargeinfra.com\\\/se\\\/#organization\"},\"image\":{\"@id\":\"https:\\\/\\\/rechargeinfra.com\\\/se\\\/2022\\\/07\\\/05\\\/sa-har-packar-du-elbilen-smart-och-sakert-i-sommar\\\/#primaryimage\"},\"thumbnailUrl\":\"https:\\\/\\\/rechargeinfra.com\\\/se\\\/wp-content\\\/uploads\\\/sites\\\/5\\\/2022\\\/05\\\/GettyImages-713778227_150KB.jpg\",\"keywords\":[\"Resetips\",\"Tips\"],\"articleSection\":[\"Resetips\"],\"inLanguage\":\"sv-SE\",\"potentialAction\":[{\"@type\":\"CommentAction\",\"name\":\"Comment\",\"target\":[\"https:\\\/\\\/rechargeinfra.com\\\/se\\\/2022\\\/07\\\/05\\\/sa-har-packar-du-elbilen-smart-och-sakert-i-sommar\\\/#respond\"]}]},{\"@type\":\"WebPage\",\"@id\":\"https:\\\/\\\/rechargeinfra.com\\\/se\\\/2022\\\/07\\\/05\\\/sa-har-packar-du-elbilen-smart-och-sakert-i-sommar\\\/\",\"url\":\"https:\\\/\\\/rechargeinfra.com\\\/se\\\/2022\\\/07\\\/05\\\/sa-har-packar-du-elbilen-smart-och-sakert-i-sommar\\\/\",\"name\":\"S\u00e5 h\u00e4r packar du elbilen smart och s\u00e4kert i sommar - Recharge Sweden\",\"isPartOf\":{\"@id\":\"https:\\\/\\\/rechargeinfra.com\\\/se\\\/#website\"},\"primaryImageOfPage\":{\"@id\":\"https:\\\/\\\/rechargeinfra.com\\\/se\\\/2022\\\/07\\\/05\\\/sa-har-packar-du-elbilen-smart-och-sakert-i-sommar\\\/#primaryimage\"},\"image\":{\"@id\":\"https:\\\/\\\/rechargeinfra.com\\\/se\\\/2022\\\/07\\\/05\\\/sa-har-packar-du-elbilen-smart-och-sakert-i-sommar\\\/#primaryimage\"},\"thumbnailUrl\":\"https:\\\/\\\/rechargeinfra.com\\\/se\\\/wp-content\\\/uploads\\\/sites\\\/5\\\/2022\\\/05\\\/GettyImages-713778227_150KB.jpg\",\"datePublished\":\"2022-07-05T09:03:46+00:00\",\"breadcrumb\":{\"@id\":\"https:\\\/\\\/rechargeinfra.com\\\/se\\\/2022\\\/07\\\/05\\\/sa-har-packar-du-elbilen-smart-och-sakert-i-sommar\\\/#breadcrumb\"},\"inLanguage\":\"sv-SE\",\"potentialAction\":[{\"@type\":\"ReadAction\",\"target\":[\"https:\\\/\\\/rechargeinfra.com\\\/se\\\/2022\\\/07\\\/05\\\/sa-har-packar-du-elbilen-smart-och-sakert-i-sommar\\\/\"]}]},{\"@type\":\"ImageObject\",\"inLanguage\":\"sv-SE\",\"@id\":\"https:\\\/\\\/rechargeinfra.com\\\/se\\\/2022\\\/07\\\/05\\\/sa-har-packar-du-elbilen-smart-och-sakert-i-sommar\\\/#primaryimage\",\"url\":\"https:\\\/\\\/rechargeinfra.com\\\/se\\\/wp-content\\\/uploads\\\/sites\\\/5\\\/2022\\\/05\\\/GettyImages-713778227_150KB.jpg\",\"contentUrl\":\"https:\\\/\\\/rechargeinfra.com\\\/se\\\/wp-content\\\/uploads\\\/sites\\\/5\\\/2022\\\/05\\\/GettyImages-713778227_150KB.jpg\",\"width\":2121,\"height\":1414},{\"@type\":\"BreadcrumbList\",\"@id\":\"https:\\\/\\\/rechargeinfra.com\\\/se\\\/2022\\\/07\\\/05\\\/sa-har-packar-du-elbilen-smart-och-sakert-i-sommar\\\/#breadcrumb\",\"itemListElement\":[{\"@type\":\"ListItem\",\"position\":1,\"name\":\"Home\",\"item\":\"https:\\\/\\\/rechargeinfra.com\\\/se\\\/\"},{\"@type\":\"ListItem\",\"position\":2,\"name\":\"S\u00e5 h\u00e4r packar du elbilen smart och s\u00e4kert i sommar\"}]},{\"@type\":\"WebSite\",\"@id\":\"https:\\\/\\\/rechargeinfra.com\\\/se\\\/#website\",\"url\":\"https:\\\/\\\/rechargeinfra.com\\\/se\\\/\",\"name\":\"Recharge Sweden\",\"description\":\"\",\"publisher\":{\"@id\":\"https:\\\/\\\/rechargeinfra.com\\\/se\\\/#organization\"},\"potentialAction\":[{\"@type\":\"SearchAction\",\"target\":{\"@type\":\"EntryPoint\",\"urlTemplate\":\"https:\\\/\\\/rechargeinfra.com\\\/se\\\/?s={search_term_string}\"},\"query-input\":{\"@type\":\"PropertyValueSpecification\",\"valueRequired\":true,\"valueName\":\"search_term_string\"}}],\"inLanguage\":\"sv-SE\"},{\"@type\":\"Organization\",\"@id\":\"https:\\\/\\\/rechargeinfra.com\\\/se\\\/#organization\",\"name\":\"Recharge Sweden\",\"url\":\"https:\\\/\\\/rechargeinfra.com\\\/se\\\/\",\"logo\":{\"@type\":\"ImageObject\",\"inLanguage\":\"sv-SE\",\"@id\":\"https:\\\/\\\/rechargeinfra.com\\\/se\\\/#\\\/schema\\\/logo\\\/image\\\/\",\"url\":\"https:\\\/\\\/rechargeinfra.com\\\/se\\\/wp-content\\\/uploads\\\/sites\\\/5\\\/2026\\\/05\\\/Recharge-logo-RGB.svg\",\"contentUrl\":\"https:\\\/\\\/rechargeinfra.com\\\/se\\\/wp-content\\\/uploads\\\/sites\\\/5\\\/2026\\\/05\\\/Recharge-logo-RGB.svg\",\"caption\":\"Recharge Sweden\"},\"image\":{\"@id\":\"https:\\\/\\\/rechargeinfra.com\\\/se\\\/#\\\/schema\\\/logo\\\/image\\\/\"}},{\"@type\":\"Person\",\"@id\":\"https:\\\/\\\/rechargeinfra.com\\\/se\\\/#\\\/schema\\\/person\\\/77d4505348732c51491c4f886a922d0b\",\"name\":\"digital@thepitch.no\",\"image\":{\"@type\":\"ImageObject\",\"inLanguage\":\"sv-SE\",\"@id\":\"https:\\\/\\\/secure.gravatar.com\\\/avatar\\\/f44a3623462780fe536336ebc60b105f034e57fea99c8de33c1bd6e0f2ef7507?s=96&d=mm&r=g\",\"url\":\"https:\\\/\\\/secure.gravatar.com\\\/avatar\\\/f44a3623462780fe536336ebc60b105f034e57fea99c8de33c1bd6e0f2ef7507?s=96&d=mm&r=g\",\"contentUrl\":\"https:\\\/\\\/secure.gravatar.com\\\/avatar\\\/f44a3623462780fe536336ebc60b105f034e57fea99c8de33c1bd6e0f2ef7507?s=96&d=mm&r=g\",\"caption\":\"digital@thepitch.no\"},\"sameAs\":[\"https:\\\/\\\/rechargeinfra.com\"],\"url\":\"https:\\\/\\\/rechargeinfra.com\\\/se\\\/author\\\/digitalthepitch-no\\\/\"}]}<\/script>\n<!-- \/ Yoast SEO plugin. -->","yoast_head_json":{"title":"S\u00e5 h\u00e4r packar du elbilen smart och s\u00e4kert i sommar - Recharge Sweden","robots":{"index":"index","follow":"follow","max-snippet":"max-snippet:-1","max-image-preview":"max-image-preview:large","max-video-preview":"max-video-preview:-1"},"canonical":"https:\/\/rechargeinfra.com\/se\/2022\/07\/05\/sa-har-packar-du-elbilen-smart-och-sakert-i-sommar\/","og_locale":"sv_SE","og_type":"article","og_title":"S\u00e5 h\u00e4r packar du elbilen smart och s\u00e4kert i sommar - Recharge Sweden","og_description":"Att skriva en packningslista kan visserligen vara lite tr\u00e5kigt, men det \u00e4r ett bra s\u00e4tt att se till att du f\u00e5r med dig allt du beh\u00f6ver p\u00e5 resan. Packa f\u00f6r alla v\u00e4der Den svenska sommaren bjuder tyv\u00e4rr inte alltid p\u00e5 vackert v\u00e4der. Ta med en regnponcho s\u00e5 slipper du bli bl\u00f6t om det regnar n\u00e4r [&hellip;]","og_url":"https:\/\/rechargeinfra.com\/se\/2022\/07\/05\/sa-har-packar-du-elbilen-smart-och-sakert-i-sommar\/","og_site_name":"Recharge Sweden","article_published_time":"2022-07-05T09:03:46+00:00","og_image":[{"width":2121,"height":1414,"url":"https:\/\/rechargeinfra.com\/se\/wp-content\/uploads\/sites\/5\/2022\/05\/GettyImages-713778227_150KB.jpg","type":"image\/jpeg"}],"author":"digital@thepitch.no","twitter_card":"summary_large_image","twitter_misc":{"Skriven av":"digital@thepitch.no","Ber\u00e4knad l\u00e4stid":"3 minuter"},"schema":{"@context":"https:\/\/schema.org","@graph":[{"@type":"Article","@id":"https:\/\/rechargeinfra.com\/se\/2022\/07\/05\/sa-har-packar-du-elbilen-smart-och-sakert-i-sommar\/#article","isPartOf":{"@id":"https:\/\/rechargeinfra.com\/se\/2022\/07\/05\/sa-har-packar-du-elbilen-smart-och-sakert-i-sommar\/"},"author":{"name":"digital@thepitch.no","@id":"https:\/\/rechargeinfra.com\/se\/#\/schema\/person\/77d4505348732c51491c4f886a922d0b"},"headline":"S\u00e5 h\u00e4r packar du elbilen smart och s\u00e4kert i sommar","datePublished":"2022-07-05T09:03:46+00:00","mainEntityOfPage":{"@id":"https:\/\/rechargeinfra.com\/se\/2022\/07\/05\/sa-har-packar-du-elbilen-smart-och-sakert-i-sommar\/"},"wordCount":620,"commentCount":0,"publisher":{"@id":"https:\/\/rechargeinfra.com\/se\/#organization"},"image":{"@id":"https:\/\/rechargeinfra.com\/se\/2022\/07\/05\/sa-har-packar-du-elbilen-smart-och-sakert-i-sommar\/#primaryimage"},"thumbnailUrl":"https:\/\/rechargeinfra.com\/se\/wp-content\/uploads\/sites\/5\/2022\/05\/GettyImages-713778227_150KB.jpg","keywords":["Resetips","Tips"],"articleSection":["Resetips"],"inLanguage":"sv-SE","potentialAction":[{"@type":"CommentAction","name":"Comment","target":["https:\/\/rechargeinfra.com\/se\/2022\/07\/05\/sa-har-packar-du-elbilen-smart-och-sakert-i-sommar\/#respond"]}]},{"@type":"WebPage","@id":"https:\/\/rechargeinfra.com\/se\/2022\/07\/05\/sa-har-packar-du-elbilen-smart-och-sakert-i-sommar\/","url":"https:\/\/rechargeinfra.com\/se\/2022\/07\/05\/sa-har-packar-du-elbilen-smart-och-sakert-i-sommar\/","name":"S\u00e5 h\u00e4r packar du elbilen smart och s\u00e4kert i sommar - Recharge Sweden","isPartOf":{"@id":"https:\/\/rechargeinfra.com\/se\/#website"},"primaryImageOfPage":{"@id":"https:\/\/rechargeinfra.com\/se\/2022\/07\/05\/sa-har-packar-du-elbilen-smart-och-sakert-i-sommar\/#primaryimage"},"image":{"@id":"https:\/\/rechargeinfra.com\/se\/2022\/07\/05\/sa-har-packar-du-elbilen-smart-och-sakert-i-sommar\/#primaryimage"},"thumbnailUrl":"https:\/\/rechargeinfra.com\/se\/wp-content\/uploads\/sites\/5\/2022\/05\/GettyImages-713778227_150KB.jpg","datePublished":"2022-07-05T09:03:46+00:00","breadcrumb":{"@id":"https:\/\/rechargeinfra.com\/se\/2022\/07\/05\/sa-har-packar-du-elbilen-smart-och-sakert-i-sommar\/#breadcrumb"},"inLanguage":"sv-SE","potentialAction":[{"@type":"ReadAction","target":["https:\/\/rechargeinfra.com\/se\/2022\/07\/05\/sa-har-packar-du-elbilen-smart-och-sakert-i-sommar\/"]}]},{"@type":"ImageObject","inLanguage":"sv-SE","@id":"https:\/\/rechargeinfra.com\/se\/2022\/07\/05\/sa-har-packar-du-elbilen-smart-och-sakert-i-sommar\/#primaryimage","url":"https:\/\/rechargeinfra.com\/se\/wp-content\/uploads\/sites\/5\/2022\/05\/GettyImages-713778227_150KB.jpg","contentUrl":"https:\/\/rechargeinfra.com\/se\/wp-content\/uploads\/sites\/5\/2022\/05\/GettyImages-713778227_150KB.jpg","width":2121,"height":1414},{"@type":"BreadcrumbList","@id":"https:\/\/rechargeinfra.com\/se\/2022\/07\/05\/sa-har-packar-du-elbilen-smart-och-sakert-i-sommar\/#breadcrumb","itemListElement":[{"@type":"ListItem","position":1,"name":"Home","item":"https:\/\/rechargeinfra.com\/se\/"},{"@type":"ListItem","position":2,"name":"S\u00e5 h\u00e4r packar du elbilen smart och s\u00e4kert i sommar"}]},{"@type":"WebSite","@id":"https:\/\/rechargeinfra.com\/se\/#website","url":"https:\/\/rechargeinfra.com\/se\/","name":"Recharge Sweden","description":"","publisher":{"@id":"https:\/\/rechargeinfra.com\/se\/#organization"},"potentialAction":[{"@type":"SearchAction","target":{"@type":"EntryPoint","urlTemplate":"https:\/\/rechargeinfra.com\/se\/?s={search_term_string}"},"query-input":{"@type":"PropertyValueSpecification","valueRequired":true,"valueName":"search_term_string"}}],"inLanguage":"sv-SE"},{"@type":"Organization","@id":"https:\/\/rechargeinfra.com\/se\/#organization","name":"Recharge Sweden","url":"https:\/\/rechargeinfra.com\/se\/","logo":{"@type":"ImageObject","inLanguage":"sv-SE","@id":"https:\/\/rechargeinfra.com\/se\/#\/schema\/logo\/image\/","url":"https:\/\/rechargeinfra.com\/se\/wp-content\/uploads\/sites\/5\/2026\/05\/Recharge-logo-RGB.svg","contentUrl":"https:\/\/rechargeinfra.com\/se\/wp-content\/uploads\/sites\/5\/2026\/05\/Recharge-logo-RGB.svg","caption":"Recharge Sweden"},"image":{"@id":"https:\/\/rechargeinfra.com\/se\/#\/schema\/logo\/image\/"}},{"@type":"Person","@id":"https:\/\/rechargeinfra.com\/se\/#\/schema\/person\/77d4505348732c51491c4f886a922d0b","name":"digital@thepitch.no","image":{"@type":"ImageObject","inLanguage":"sv-SE","@id":"https:\/\/secure.gravatar.com\/avatar\/f44a3623462780fe536336ebc60b105f034e57fea99c8de33c1bd6e0f2ef7507?s=96&d=mm&r=g","url":"https:\/\/secure.gravatar.com\/avatar\/f44a3623462780fe536336ebc60b105f034e57fea99c8de33c1bd6e0f2ef7507?s=96&d=mm&r=g","contentUrl":"https:\/\/secure.gravatar.com\/avatar\/f44a3623462780fe536336ebc60b105f034e57fea99c8de33c1bd6e0f2ef7507?s=96&d=mm&r=g","caption":"digital@thepitch.no"},"sameAs":["https:\/\/rechargeinfra.com"],"url":"https:\/\/rechargeinfra.com\/se\/author\/digitalthepitch-no\/"}]}},"_links":{"self":[{"href":"https:\/\/rechargeinfra.com\/se\/wp-json\/wp\/v2\/posts\/4906","targetHints":{"allow":["GET"]}}],"collection":[{"href":"https:\/\/rechargeinfra.com\/se\/wp-json\/wp\/v2\/posts"}],"about":[{"href":"https:\/\/rechargeinfra.com\/se\/wp-json\/wp\/v2\/types\/post"}],"author":[{"embeddable":true,"href":"https:\/\/rechargeinfra.com\/se\/wp-json\/wp\/v2\/users\/1"}],"replies":[{"embeddable":true,"href":"https:\/\/rechargeinfra.com\/se\/wp-json\/wp\/v2\/comments?post=4906"}],"version-history":[{"count":0,"href":"https:\/\/rechargeinfra.com\/se\/wp-json\/wp\/v2\/posts\/4906\/revisions"}],"wp:featuredmedia":[{"embeddable":true,"href":"https:\/\/rechargeinfra.com\/se\/wp-json\/wp\/v2\/media\/451"}],"wp:attachment":[{"href":"https:\/\/rechargeinfra.com\/se\/wp-json\/wp\/v2\/media?parent=4906"}],"wp:term":[{"taxonomy":"category","embeddable":true,"href":"https:\/\/rechargeinfra.com\/se\/wp-json\/wp\/v2\/categories?post=4906"},{"taxonomy":"post_tag","embeddable":true,"href":"https:\/\/rechargeinfra.com\/se\/wp-json\/wp\/v2\/tags?post=4906"}],"curies":[{"name":"wp","href":"https:\/\/api.w.org\/{rel}","templated":true}]}}