{"id":4865,"date":"2022-06-27T12:24:28","date_gmt":"2022-06-27T12:24:28","guid":{"rendered":"https:\/\/rechargeinfra.com\/sv\/?p=4865"},"modified":"2022-06-27T12:24:28","modified_gmt":"2022-06-27T12:24:28","slug":"campa-med-elbil-i-sommar-kanske-kan-du-sova-i-ett-talt-pa-taket","status":"publish","type":"post","link":"https:\/\/rechargeinfra.com\/se\/2022\/06\/27\/campa-med-elbil-i-sommar-kanske-kan-du-sova-i-ett-talt-pa-taket\/","title":{"rendered":"Campa med elbil i sommar \u2013 kanske kan du sova i ett t\u00e4lt p\u00e5 taket? \u00a0"},"content":{"rendered":"\n\n\n<figure class=\"wp-block-image size-large\"><img data-dominant-color=\"4c4642\" data-has-transparency=\"false\" style=\"--dominant-color: #4c4642;\" decoding=\"async\" src=\"https:\/\/rechargeinfra.com\/se\/sv\/wp-content\/uploads\/sites\/5\/2022\/06\/jimmy-conover-J_XuXX9m0KM-unsplash-scaled-1-1024x683.jpg\" alt=\"elbilen p\u00e5 camping med hund\" class=\"wp-image-4866 not-transparent\" \/><\/figure>\n\n\n\n<p class=\"wp-block-paragraph\">Ska du p\u00e5 elbilsemester i sommar? Oavsett om du ska ut p\u00e5 l\u00e5ngtur eller bara vill utforska omgivningarna i n\u00e4rheten av d\u00e4r du bor finns det m\u00e5nga billiga alternativ f\u00f6r dig som tycker om att \u00f6vernatta i naturen.&nbsp;<\/p>\n\n\n\n<p class=\"wp-block-paragraph\"><u><a href=\"https:\/\/rechargeinfra.com\/se\/sv\/packa-bilen-smart\/\">Tips p\u00e5 hur du packar elbilen smart hittar du h\u00e4r!<\/a><\/u><\/p>\n\n\n\n<h2 class=\"wp-block-heading\"><strong>Campa med elbil<\/strong><\/h2>\n\n\n\n<h3 class=\"wp-block-heading\">Campervan<\/h3>\n\n\n\n<p class=\"wp-block-paragraph\">L\u00e4ngtar du efter en eldriven campingbil med \u201dextra allt\u201d? eStorm fr\u00e5n den norska husbilstillverkaren Raido Campers \u00e4r utvecklad f\u00f6r camping \u00e5ret runt i v\u00e5rt nordiska klimat. Interi\u00f6ren \u00e4r noga genomt\u00e4nkt och bygger p\u00e5 kompakta och l\u00e4tta l\u00f6sningar. S\u00e4ngen kan enkelt g\u00f6ras om till en bekv\u00e4m soffa och med ett utf\u00e4llbart bord vid frontv\u00e4ggen f\u00e5r du med ett enkelt handgrepp ett trevligt vardagsrum i bilen.<\/p>\n\n\n\n<p class=\"wp-block-paragraph\">\u00c4ven andra biltillverkare, som t.ex. Nissan, erbjuder campinginredningar till sina sk\u00e5pbilar och \u00e4ven om dessa \u00e4nnu inte s\u00e4ljs i Sverige kommer vi nog att f\u00e5 se fler s\u00e5dana l\u00f6sningar fram\u00f6ver.<\/p>\n\n\n\n<h3 class=\"wp-block-heading\">G\u00f6r om elbilen till ett tv\u00e5manst\u00e4lt<\/h3>\n\n\n\n<p class=\"wp-block-paragraph\">S\u00e5 h\u00e4r g\u00f6r du om elbilen till ett tv\u00e5manst\u00e4lt. Om du vill kunna sova i din elbil kan du enkelt g\u00f6ra om den till ett tv\u00e5manst\u00e4lt. F\u00e4ll ner s\u00e4tena, l\u00e4gg ut en madrass och sovs\u00e4ckar, och vips s\u00e5 har du en tempor\u00e4r mini-husbil.\u00a0<a href=\"https:\/\/rechargeinfra.com\/se\/sv\/forvandla-elbilen-till-sovplats\/\"><strong>H\u00e4r hittar du fler tips p\u00e5 hur du kan g\u00f6ra om elbilen till ett tv\u00e5manst\u00e4lt.<\/strong><\/a><\/p>\n\n\n\n<h3 class=\"wp-block-heading\">Bakt\u00e4lt<\/h3>\n\n\n\n<p class=\"wp-block-paragraph\">Med ett bakt\u00e4lt kan du p\u00e5 ett enkelt s\u00e4tt ut\u00f6ka en van eller en liten husbil med ett allrum eller extra sovplatser. De flesta bakt\u00e4lt \u00e4r frist\u00e5ende och kan d\u00e4rmed st\u00e5 kvar p\u00e5 campingplatsen medan du g\u00f6r utflykter eller \u00e5ker och handlar. Dessa praktiska t\u00e4lt finns i m\u00e5nga olika utf\u00f6randen och om du l\u00e4gger till ett litet annex har du s\u00e4ngplatser f\u00f6r tv\u00e5 personer.<\/p>\n\n\n\n<h3 class=\"wp-block-heading\">Pop-up t\u00e4lt<\/h3>\n\n\n\n<p class=\"wp-block-paragraph\">Det h\u00e4r \u00e4r t\u00e4ltet f\u00f6r dig som vill slippa kr\u00e5nglet med att rigga upp t\u00e4ltst\u00e4nger. Det spr\u00e4tter upp av sig sj\u00e4lvt. Men gl\u00f6m inte att f\u00e4sta det ordentligt i backen s\u00e5 att det inte bl\u00e5ser bort.<\/p>\n\n\n\n<h3 class=\"wp-block-heading\">Takt\u00e4lt<\/h3>\n\n\n\n<p class=\"wp-block-paragraph\">Med ett takt\u00e4lt kommer du upp i h\u00f6jden och kan njuta av utsikten. Och du f\u00e5r ett plant och bekv\u00e4mt underlag att sova p\u00e5. Om bara taket p\u00e5 din elbil klarar belastningen s\u00e5 kan du montera ett takt\u00e4lt d\u00e4r. Fr\u00e5ga din bil\u00e5terf\u00f6rs\u00e4ljare!<\/p>\n\n\n\n<h3 class=\"wp-block-heading\">Husvagn<\/h3>\n\n\n\n<p class=\"wp-block-paragraph\">Att dra husvagn med elbil fungerar s\u00e4llan bra p\u00e5 grund av den begr\u00e4nsade r\u00e4ckvidden hos dagens elbilar. En annan begr\u00e4nsning \u00e4r att den som har ett vanligt B-k\u00f6rkort bara f\u00e5r k\u00f6ra fordon som har en totalvikt p\u00e5 max 3&nbsp;500 kilo och d\u00e5 r\u00e4knas den sammanlagda vikten f\u00f6r bil och husvagn. Med tanke p\u00e5 att en elbil vanligtvis v\u00e4ger betydligt mer \u00e4n en bensindriven bil \u00e4r det inte m\u00e5nga elbilar som f\u00e5r dra en husvagn. Men l\u00f6sningar \u00e4r p\u00e5 g\u00e5ng. Husvagnstillverkaren Dethleffs har i samarbete med Erwin Hymer Group och transmissonsspecialisten ZF utvecklat E.Home Coco, en husvagn som drivs med elmotorer p\u00e5 husvagnens hjul. Denna innovativa husvagn \u00e4r fortfarande bara en prototyp, men helt klart efterl\u00e4ngtad av milj\u00f6medvetna elbils\u00e4gare.<\/p>\n\n\n\n<h3 class=\"wp-block-heading\">H\u00e4ngmatta<\/h3>\n\n\n\n<p class=\"wp-block-paragraph\">En h\u00e4ngmatta \u00e4r enkel att ha med sig och tar lite plats i bagageutrymmet. Leta upp tv\u00e5 tr\u00e4d att h\u00e4nga upp den i s\u00e5 \u00e4r du redo f\u00f6r natten. Att sova i h\u00e4ngmatta \u00e4r en rolig upplevelse f\u00f6r barnen. Men se till att kolla v\u00e4derleksrapporten innan ni \u00e5ker!<\/p>\n\n\n\n<h3 class=\"wp-block-heading\">Inredning till vans och andra sk\u00e5pbilar<\/h3>\n\n\n\n<p class=\"wp-block-paragraph\">Husbilar finns att hyra hos bland annat McRent och Airbnb. Alternativt kan du bygga om en sk\u00e5pbil till husbil. Om du \u00e4r riktigt h\u00e4ndig kan du bygga inredningen sj\u00e4lv, men det finns \u00e4ven f\u00e4rdiga modulbaserade inredningar f\u00f6r sk\u00e5pbilar att k\u00f6pa, bland annat hos Reimo.<\/p>\n\n\n\n<p class=\"wp-block-paragraph\"><strong>K\u00e4llor:<br><\/strong><a href=\"https:\/\/nye.naf.no\/bilferie-og-reise\/camping\/test-av-overnattingsalternativ\"><strong>naf.no<\/strong><\/a><br><a href=\"https:\/\/www.tv2.no\/a\/14183899\/\"><strong>tv2.no<\/strong><\/a><br><a href=\"https:\/\/dinfritid.no\/produkt\/2019\/11\/nissan-med-elektrisk-campingbil\"><strong>dinfritid.no<\/strong><\/a><br><a href=\"https:\/\/www.motor.no\/elbil\/slik-reddes-rekkevidden-for-elbiler-med-campingvogn\/205139\"><strong>motor.no<\/strong><\/a><\/p>\n","protected":false},"excerpt":{"rendered":"<p>Ska du p\u00e5 elbilsemester i sommar? Oavsett om du ska ut p\u00e5 l\u00e5ngtur eller bara vill utforska omgivningarna i n\u00e4rheten av d\u00e4r du bor finns det m\u00e5nga billiga alternativ f\u00f6r dig som tycker om att \u00f6vernatta i naturen.&nbsp; Tips p\u00e5 hur du packar elbilen smart hittar du h\u00e4r! Campa med elbil Campervan L\u00e4ngtar du efter [&hellip;]<\/p>\n","protected":false},"author":1,"featured_media":4866,"comment_status":"open","ping_status":"open","sticky":false,"template":"","format":"standard","meta":{"_acf_changed":false,"inline_featured_image":false,"footnotes":""},"categories":[12],"tags":[],"class_list":["post-4865","post","type-post","status-publish","format-standard","has-post-thumbnail","hentry","category-resetips"],"acf":[],"yoast_head":"<!-- This site is optimized with the Yoast SEO plugin v28.2 - https:\/\/yoast.com\/product\/yoast-seo-wordpress\/ -->\n<title>S\u00e5 tar du elbilen p\u00e5 camping i sommar | Recharge<\/title>\n<meta name=\"description\" content=\"Ska du p\u00e5 Sverigesemester i sommar? H\u00e4r \u00e4r tipsen f\u00f6r dig som vill ta elbilen p\u00e5 camping- och uppleva naturen t\u00e4tt inp\u00e5.\" \/>\n<meta name=\"robots\" content=\"index, follow, max-snippet:-1, max-image-preview:large, max-video-preview:-1\" \/>\n<link rel=\"canonical\" href=\"https:\/\/rechargeinfra.com\/se\/2022\/06\/27\/campa-med-elbil-i-sommar-kanske-kan-du-sova-i-ett-talt-pa-taket\/\" \/>\n<meta property=\"og:locale\" content=\"sv_SE\" \/>\n<meta property=\"og:type\" content=\"article\" \/>\n<meta property=\"og:title\" content=\"S\u00e5 tar du elbilen p\u00e5 camping i sommar | Recharge\" \/>\n<meta property=\"og:description\" content=\"Ska du p\u00e5 Sverigesemester i sommar? H\u00e4r \u00e4r tipsen f\u00f6r dig som vill ta elbilen p\u00e5 camping- och uppleva naturen t\u00e4tt inp\u00e5.\" \/>\n<meta property=\"og:url\" content=\"https:\/\/rechargeinfra.com\/se\/2022\/06\/27\/campa-med-elbil-i-sommar-kanske-kan-du-sova-i-ett-talt-pa-taket\/\" \/>\n<meta property=\"og:site_name\" content=\"Recharge Sweden\" \/>\n<meta property=\"article:published_time\" content=\"2022-06-27T12:24:28+00:00\" \/>\n<meta property=\"og:image\" content=\"https:\/\/rechargeinfra.com\/se\/wp-content\/uploads\/sites\/5\/2022\/06\/jimmy-conover-J_XuXX9m0KM-unsplash-scaled-1.jpg\" \/>\n\t<meta property=\"og:image:width\" content=\"2560\" \/>\n\t<meta property=\"og:image:height\" content=\"1707\" \/>\n\t<meta property=\"og:image:type\" content=\"image\/jpeg\" \/>\n<meta name=\"author\" content=\"digital@thepitch.no\" \/>\n<meta name=\"twitter:card\" content=\"summary_large_image\" \/>\n<meta name=\"twitter:label1\" content=\"Skriven av\" \/>\n\t<meta name=\"twitter:data1\" content=\"digital@thepitch.no\" \/>\n\t<meta name=\"twitter:label2\" content=\"Ber\u00e4knad l\u00e4stid\" \/>\n\t<meta name=\"twitter:data2\" content=\"3 minuter\" \/>\n<script type=\"application\/ld+json\" class=\"yoast-schema-graph\">{\"@context\":\"https:\\\/\\\/schema.org\",\"@graph\":[{\"@type\":\"Article\",\"@id\":\"https:\\\/\\\/rechargeinfra.com\\\/se\\\/2022\\\/06\\\/27\\\/campa-med-elbil-i-sommar-kanske-kan-du-sova-i-ett-talt-pa-taket\\\/#article\",\"isPartOf\":{\"@id\":\"https:\\\/\\\/rechargeinfra.com\\\/se\\\/2022\\\/06\\\/27\\\/campa-med-elbil-i-sommar-kanske-kan-du-sova-i-ett-talt-pa-taket\\\/\"},\"author\":{\"name\":\"digital@thepitch.no\",\"@id\":\"https:\\\/\\\/rechargeinfra.com\\\/se\\\/#\\\/schema\\\/person\\\/77d4505348732c51491c4f886a922d0b\"},\"headline\":\"Campa med elbil i sommar \u2013 kanske kan du sova i ett t\u00e4lt p\u00e5 taket? \u00a0\",\"datePublished\":\"2022-06-27T12:24:28+00:00\",\"mainEntityOfPage\":{\"@id\":\"https:\\\/\\\/rechargeinfra.com\\\/se\\\/2022\\\/06\\\/27\\\/campa-med-elbil-i-sommar-kanske-kan-du-sova-i-ett-talt-pa-taket\\\/\"},\"wordCount\":716,\"commentCount\":0,\"publisher\":{\"@id\":\"https:\\\/\\\/rechargeinfra.com\\\/se\\\/#organization\"},\"image\":{\"@id\":\"https:\\\/\\\/rechargeinfra.com\\\/se\\\/2022\\\/06\\\/27\\\/campa-med-elbil-i-sommar-kanske-kan-du-sova-i-ett-talt-pa-taket\\\/#primaryimage\"},\"thumbnailUrl\":\"https:\\\/\\\/rechargeinfra.com\\\/se\\\/wp-content\\\/uploads\\\/sites\\\/5\\\/2022\\\/06\\\/jimmy-conover-J_XuXX9m0KM-unsplash-scaled-1.jpg\",\"articleSection\":[\"Resetips\"],\"inLanguage\":\"sv-SE\",\"potentialAction\":[{\"@type\":\"CommentAction\",\"name\":\"Comment\",\"target\":[\"https:\\\/\\\/rechargeinfra.com\\\/se\\\/2022\\\/06\\\/27\\\/campa-med-elbil-i-sommar-kanske-kan-du-sova-i-ett-talt-pa-taket\\\/#respond\"]}]},{\"@type\":\"WebPage\",\"@id\":\"https:\\\/\\\/rechargeinfra.com\\\/se\\\/2022\\\/06\\\/27\\\/campa-med-elbil-i-sommar-kanske-kan-du-sova-i-ett-talt-pa-taket\\\/\",\"url\":\"https:\\\/\\\/rechargeinfra.com\\\/se\\\/2022\\\/06\\\/27\\\/campa-med-elbil-i-sommar-kanske-kan-du-sova-i-ett-talt-pa-taket\\\/\",\"name\":\"S\u00e5 tar du elbilen p\u00e5 camping i sommar | Recharge\",\"isPartOf\":{\"@id\":\"https:\\\/\\\/rechargeinfra.com\\\/se\\\/#website\"},\"primaryImageOfPage\":{\"@id\":\"https:\\\/\\\/rechargeinfra.com\\\/se\\\/2022\\\/06\\\/27\\\/campa-med-elbil-i-sommar-kanske-kan-du-sova-i-ett-talt-pa-taket\\\/#primaryimage\"},\"image\":{\"@id\":\"https:\\\/\\\/rechargeinfra.com\\\/se\\\/2022\\\/06\\\/27\\\/campa-med-elbil-i-sommar-kanske-kan-du-sova-i-ett-talt-pa-taket\\\/#primaryimage\"},\"thumbnailUrl\":\"https:\\\/\\\/rechargeinfra.com\\\/se\\\/wp-content\\\/uploads\\\/sites\\\/5\\\/2022\\\/06\\\/jimmy-conover-J_XuXX9m0KM-unsplash-scaled-1.jpg\",\"datePublished\":\"2022-06-27T12:24:28+00:00\",\"description\":\"Ska du p\u00e5 Sverigesemester i sommar? H\u00e4r \u00e4r tipsen f\u00f6r dig som vill ta elbilen p\u00e5 camping- och uppleva naturen t\u00e4tt inp\u00e5.\",\"breadcrumb\":{\"@id\":\"https:\\\/\\\/rechargeinfra.com\\\/se\\\/2022\\\/06\\\/27\\\/campa-med-elbil-i-sommar-kanske-kan-du-sova-i-ett-talt-pa-taket\\\/#breadcrumb\"},\"inLanguage\":\"sv-SE\",\"potentialAction\":[{\"@type\":\"ReadAction\",\"target\":[\"https:\\\/\\\/rechargeinfra.com\\\/se\\\/2022\\\/06\\\/27\\\/campa-med-elbil-i-sommar-kanske-kan-du-sova-i-ett-talt-pa-taket\\\/\"]}]},{\"@type\":\"ImageObject\",\"inLanguage\":\"sv-SE\",\"@id\":\"https:\\\/\\\/rechargeinfra.com\\\/se\\\/2022\\\/06\\\/27\\\/campa-med-elbil-i-sommar-kanske-kan-du-sova-i-ett-talt-pa-taket\\\/#primaryimage\",\"url\":\"https:\\\/\\\/rechargeinfra.com\\\/se\\\/wp-content\\\/uploads\\\/sites\\\/5\\\/2022\\\/06\\\/jimmy-conover-J_XuXX9m0KM-unsplash-scaled-1.jpg\",\"contentUrl\":\"https:\\\/\\\/rechargeinfra.com\\\/se\\\/wp-content\\\/uploads\\\/sites\\\/5\\\/2022\\\/06\\\/jimmy-conover-J_XuXX9m0KM-unsplash-scaled-1.jpg\",\"width\":2560,\"height\":1707,\"caption\":\"elbilen p\u00e5 camping med hund\"},{\"@type\":\"BreadcrumbList\",\"@id\":\"https:\\\/\\\/rechargeinfra.com\\\/se\\\/2022\\\/06\\\/27\\\/campa-med-elbil-i-sommar-kanske-kan-du-sova-i-ett-talt-pa-taket\\\/#breadcrumb\",\"itemListElement\":[{\"@type\":\"ListItem\",\"position\":1,\"name\":\"Home\",\"item\":\"https:\\\/\\\/rechargeinfra.com\\\/se\\\/\"},{\"@type\":\"ListItem\",\"position\":2,\"name\":\"Campa med elbil i sommar \u2013 kanske kan du sova i ett t\u00e4lt p\u00e5 taket? \u00a0\"}]},{\"@type\":\"WebSite\",\"@id\":\"https:\\\/\\\/rechargeinfra.com\\\/se\\\/#website\",\"url\":\"https:\\\/\\\/rechargeinfra.com\\\/se\\\/\",\"name\":\"Recharge Sweden\",\"description\":\"\",\"publisher\":{\"@id\":\"https:\\\/\\\/rechargeinfra.com\\\/se\\\/#organization\"},\"potentialAction\":[{\"@type\":\"SearchAction\",\"target\":{\"@type\":\"EntryPoint\",\"urlTemplate\":\"https:\\\/\\\/rechargeinfra.com\\\/se\\\/?s={search_term_string}\"},\"query-input\":{\"@type\":\"PropertyValueSpecification\",\"valueRequired\":true,\"valueName\":\"search_term_string\"}}],\"inLanguage\":\"sv-SE\"},{\"@type\":\"Organization\",\"@id\":\"https:\\\/\\\/rechargeinfra.com\\\/se\\\/#organization\",\"name\":\"Recharge Sweden\",\"url\":\"https:\\\/\\\/rechargeinfra.com\\\/se\\\/\",\"logo\":{\"@type\":\"ImageObject\",\"inLanguage\":\"sv-SE\",\"@id\":\"https:\\\/\\\/rechargeinfra.com\\\/se\\\/#\\\/schema\\\/logo\\\/image\\\/\",\"url\":\"https:\\\/\\\/rechargeinfra.com\\\/se\\\/wp-content\\\/uploads\\\/sites\\\/5\\\/2026\\\/05\\\/Recharge-logo-RGB.svg\",\"contentUrl\":\"https:\\\/\\\/rechargeinfra.com\\\/se\\\/wp-content\\\/uploads\\\/sites\\\/5\\\/2026\\\/05\\\/Recharge-logo-RGB.svg\",\"caption\":\"Recharge Sweden\"},\"image\":{\"@id\":\"https:\\\/\\\/rechargeinfra.com\\\/se\\\/#\\\/schema\\\/logo\\\/image\\\/\"}},{\"@type\":\"Person\",\"@id\":\"https:\\\/\\\/rechargeinfra.com\\\/se\\\/#\\\/schema\\\/person\\\/77d4505348732c51491c4f886a922d0b\",\"name\":\"digital@thepitch.no\",\"image\":{\"@type\":\"ImageObject\",\"inLanguage\":\"sv-SE\",\"@id\":\"https:\\\/\\\/secure.gravatar.com\\\/avatar\\\/f44a3623462780fe536336ebc60b105f034e57fea99c8de33c1bd6e0f2ef7507?s=96&d=mm&r=g\",\"url\":\"https:\\\/\\\/secure.gravatar.com\\\/avatar\\\/f44a3623462780fe536336ebc60b105f034e57fea99c8de33c1bd6e0f2ef7507?s=96&d=mm&r=g\",\"contentUrl\":\"https:\\\/\\\/secure.gravatar.com\\\/avatar\\\/f44a3623462780fe536336ebc60b105f034e57fea99c8de33c1bd6e0f2ef7507?s=96&d=mm&r=g\",\"caption\":\"digital@thepitch.no\"},\"sameAs\":[\"https:\\\/\\\/rechargeinfra.com\"],\"url\":\"https:\\\/\\\/rechargeinfra.com\\\/se\\\/author\\\/digitalthepitch-no\\\/\"}]}<\/script>\n<!-- \/ Yoast SEO plugin. -->","yoast_head_json":{"title":"S\u00e5 tar du elbilen p\u00e5 camping i sommar | Recharge","description":"Ska du p\u00e5 Sverigesemester i sommar? H\u00e4r \u00e4r tipsen f\u00f6r dig som vill ta elbilen p\u00e5 camping- och uppleva naturen t\u00e4tt inp\u00e5.","robots":{"index":"index","follow":"follow","max-snippet":"max-snippet:-1","max-image-preview":"max-image-preview:large","max-video-preview":"max-video-preview:-1"},"canonical":"https:\/\/rechargeinfra.com\/se\/2022\/06\/27\/campa-med-elbil-i-sommar-kanske-kan-du-sova-i-ett-talt-pa-taket\/","og_locale":"sv_SE","og_type":"article","og_title":"S\u00e5 tar du elbilen p\u00e5 camping i sommar | Recharge","og_description":"Ska du p\u00e5 Sverigesemester i sommar? H\u00e4r \u00e4r tipsen f\u00f6r dig som vill ta elbilen p\u00e5 camping- och uppleva naturen t\u00e4tt inp\u00e5.","og_url":"https:\/\/rechargeinfra.com\/se\/2022\/06\/27\/campa-med-elbil-i-sommar-kanske-kan-du-sova-i-ett-talt-pa-taket\/","og_site_name":"Recharge Sweden","article_published_time":"2022-06-27T12:24:28+00:00","og_image":[{"width":2560,"height":1707,"url":"https:\/\/rechargeinfra.com\/se\/wp-content\/uploads\/sites\/5\/2022\/06\/jimmy-conover-J_XuXX9m0KM-unsplash-scaled-1.jpg","type":"image\/jpeg"}],"author":"digital@thepitch.no","twitter_card":"summary_large_image","twitter_misc":{"Skriven av":"digital@thepitch.no","Ber\u00e4knad l\u00e4stid":"3 minuter"},"schema":{"@context":"https:\/\/schema.org","@graph":[{"@type":"Article","@id":"https:\/\/rechargeinfra.com\/se\/2022\/06\/27\/campa-med-elbil-i-sommar-kanske-kan-du-sova-i-ett-talt-pa-taket\/#article","isPartOf":{"@id":"https:\/\/rechargeinfra.com\/se\/2022\/06\/27\/campa-med-elbil-i-sommar-kanske-kan-du-sova-i-ett-talt-pa-taket\/"},"author":{"name":"digital@thepitch.no","@id":"https:\/\/rechargeinfra.com\/se\/#\/schema\/person\/77d4505348732c51491c4f886a922d0b"},"headline":"Campa med elbil i sommar \u2013 kanske kan du sova i ett t\u00e4lt p\u00e5 taket? \u00a0","datePublished":"2022-06-27T12:24:28+00:00","mainEntityOfPage":{"@id":"https:\/\/rechargeinfra.com\/se\/2022\/06\/27\/campa-med-elbil-i-sommar-kanske-kan-du-sova-i-ett-talt-pa-taket\/"},"wordCount":716,"commentCount":0,"publisher":{"@id":"https:\/\/rechargeinfra.com\/se\/#organization"},"image":{"@id":"https:\/\/rechargeinfra.com\/se\/2022\/06\/27\/campa-med-elbil-i-sommar-kanske-kan-du-sova-i-ett-talt-pa-taket\/#primaryimage"},"thumbnailUrl":"https:\/\/rechargeinfra.com\/se\/wp-content\/uploads\/sites\/5\/2022\/06\/jimmy-conover-J_XuXX9m0KM-unsplash-scaled-1.jpg","articleSection":["Resetips"],"inLanguage":"sv-SE","potentialAction":[{"@type":"CommentAction","name":"Comment","target":["https:\/\/rechargeinfra.com\/se\/2022\/06\/27\/campa-med-elbil-i-sommar-kanske-kan-du-sova-i-ett-talt-pa-taket\/#respond"]}]},{"@type":"WebPage","@id":"https:\/\/rechargeinfra.com\/se\/2022\/06\/27\/campa-med-elbil-i-sommar-kanske-kan-du-sova-i-ett-talt-pa-taket\/","url":"https:\/\/rechargeinfra.com\/se\/2022\/06\/27\/campa-med-elbil-i-sommar-kanske-kan-du-sova-i-ett-talt-pa-taket\/","name":"S\u00e5 tar du elbilen p\u00e5 camping i sommar | Recharge","isPartOf":{"@id":"https:\/\/rechargeinfra.com\/se\/#website"},"primaryImageOfPage":{"@id":"https:\/\/rechargeinfra.com\/se\/2022\/06\/27\/campa-med-elbil-i-sommar-kanske-kan-du-sova-i-ett-talt-pa-taket\/#primaryimage"},"image":{"@id":"https:\/\/rechargeinfra.com\/se\/2022\/06\/27\/campa-med-elbil-i-sommar-kanske-kan-du-sova-i-ett-talt-pa-taket\/#primaryimage"},"thumbnailUrl":"https:\/\/rechargeinfra.com\/se\/wp-content\/uploads\/sites\/5\/2022\/06\/jimmy-conover-J_XuXX9m0KM-unsplash-scaled-1.jpg","datePublished":"2022-06-27T12:24:28+00:00","description":"Ska du p\u00e5 Sverigesemester i sommar? H\u00e4r \u00e4r tipsen f\u00f6r dig som vill ta elbilen p\u00e5 camping- och uppleva naturen t\u00e4tt inp\u00e5.","breadcrumb":{"@id":"https:\/\/rechargeinfra.com\/se\/2022\/06\/27\/campa-med-elbil-i-sommar-kanske-kan-du-sova-i-ett-talt-pa-taket\/#breadcrumb"},"inLanguage":"sv-SE","potentialAction":[{"@type":"ReadAction","target":["https:\/\/rechargeinfra.com\/se\/2022\/06\/27\/campa-med-elbil-i-sommar-kanske-kan-du-sova-i-ett-talt-pa-taket\/"]}]},{"@type":"ImageObject","inLanguage":"sv-SE","@id":"https:\/\/rechargeinfra.com\/se\/2022\/06\/27\/campa-med-elbil-i-sommar-kanske-kan-du-sova-i-ett-talt-pa-taket\/#primaryimage","url":"https:\/\/rechargeinfra.com\/se\/wp-content\/uploads\/sites\/5\/2022\/06\/jimmy-conover-J_XuXX9m0KM-unsplash-scaled-1.jpg","contentUrl":"https:\/\/rechargeinfra.com\/se\/wp-content\/uploads\/sites\/5\/2022\/06\/jimmy-conover-J_XuXX9m0KM-unsplash-scaled-1.jpg","width":2560,"height":1707,"caption":"elbilen p\u00e5 camping med hund"},{"@type":"BreadcrumbList","@id":"https:\/\/rechargeinfra.com\/se\/2022\/06\/27\/campa-med-elbil-i-sommar-kanske-kan-du-sova-i-ett-talt-pa-taket\/#breadcrumb","itemListElement":[{"@type":"ListItem","position":1,"name":"Home","item":"https:\/\/rechargeinfra.com\/se\/"},{"@type":"ListItem","position":2,"name":"Campa med elbil i sommar \u2013 kanske kan du sova i ett t\u00e4lt p\u00e5 taket? \u00a0"}]},{"@type":"WebSite","@id":"https:\/\/rechargeinfra.com\/se\/#website","url":"https:\/\/rechargeinfra.com\/se\/","name":"Recharge Sweden","description":"","publisher":{"@id":"https:\/\/rechargeinfra.com\/se\/#organization"},"potentialAction":[{"@type":"SearchAction","target":{"@type":"EntryPoint","urlTemplate":"https:\/\/rechargeinfra.com\/se\/?s={search_term_string}"},"query-input":{"@type":"PropertyValueSpecification","valueRequired":true,"valueName":"search_term_string"}}],"inLanguage":"sv-SE"},{"@type":"Organization","@id":"https:\/\/rechargeinfra.com\/se\/#organization","name":"Recharge Sweden","url":"https:\/\/rechargeinfra.com\/se\/","logo":{"@type":"ImageObject","inLanguage":"sv-SE","@id":"https:\/\/rechargeinfra.com\/se\/#\/schema\/logo\/image\/","url":"https:\/\/rechargeinfra.com\/se\/wp-content\/uploads\/sites\/5\/2026\/05\/Recharge-logo-RGB.svg","contentUrl":"https:\/\/rechargeinfra.com\/se\/wp-content\/uploads\/sites\/5\/2026\/05\/Recharge-logo-RGB.svg","caption":"Recharge Sweden"},"image":{"@id":"https:\/\/rechargeinfra.com\/se\/#\/schema\/logo\/image\/"}},{"@type":"Person","@id":"https:\/\/rechargeinfra.com\/se\/#\/schema\/person\/77d4505348732c51491c4f886a922d0b","name":"digital@thepitch.no","image":{"@type":"ImageObject","inLanguage":"sv-SE","@id":"https:\/\/secure.gravatar.com\/avatar\/f44a3623462780fe536336ebc60b105f034e57fea99c8de33c1bd6e0f2ef7507?s=96&d=mm&r=g","url":"https:\/\/secure.gravatar.com\/avatar\/f44a3623462780fe536336ebc60b105f034e57fea99c8de33c1bd6e0f2ef7507?s=96&d=mm&r=g","contentUrl":"https:\/\/secure.gravatar.com\/avatar\/f44a3623462780fe536336ebc60b105f034e57fea99c8de33c1bd6e0f2ef7507?s=96&d=mm&r=g","caption":"digital@thepitch.no"},"sameAs":["https:\/\/rechargeinfra.com"],"url":"https:\/\/rechargeinfra.com\/se\/author\/digitalthepitch-no\/"}]}},"_links":{"self":[{"href":"https:\/\/rechargeinfra.com\/se\/wp-json\/wp\/v2\/posts\/4865","targetHints":{"allow":["GET"]}}],"collection":[{"href":"https:\/\/rechargeinfra.com\/se\/wp-json\/wp\/v2\/posts"}],"about":[{"href":"https:\/\/rechargeinfra.com\/se\/wp-json\/wp\/v2\/types\/post"}],"author":[{"embeddable":true,"href":"https:\/\/rechargeinfra.com\/se\/wp-json\/wp\/v2\/users\/1"}],"replies":[{"embeddable":true,"href":"https:\/\/rechargeinfra.com\/se\/wp-json\/wp\/v2\/comments?post=4865"}],"version-history":[{"count":0,"href":"https:\/\/rechargeinfra.com\/se\/wp-json\/wp\/v2\/posts\/4865\/revisions"}],"wp:featuredmedia":[{"embeddable":true,"href":"https:\/\/rechargeinfra.com\/se\/wp-json\/wp\/v2\/media\/4866"}],"wp:attachment":[{"href":"https:\/\/rechargeinfra.com\/se\/wp-json\/wp\/v2\/media?parent=4865"}],"wp:term":[{"taxonomy":"category","embeddable":true,"href":"https:\/\/rechargeinfra.com\/se\/wp-json\/wp\/v2\/categories?post=4865"},{"taxonomy":"post_tag","embeddable":true,"href":"https:\/\/rechargeinfra.com\/se\/wp-json\/wp\/v2\/tags?post=4865"}],"curies":[{"name":"wp","href":"https:\/\/api.w.org\/{rel}","templated":true}]}}